{"id":17546,"date":"2020-11-03T11:21:22","date_gmt":"2020-11-03T06:21:22","guid":{"rendered":"https:\/\/www.vosa.tv\/?p=17546"},"modified":"2020-11-03T12:09:00","modified_gmt":"2020-11-03T07:09:00","slug":"at-least-1-killed-15-wounded-in-vienna-attack","status":"publish","type":"post","link":"https:\/\/www.vosa.tv\/eng\/archives\/17546","title":{"rendered":"At least 4 killed, 15 wounded in Vienna attack"},"content":{"rendered":"<p><strong>BERLIN\u00a0<\/strong><\/p>\n<p>At least 4 confirm dead and 15 others wounded in Austria\u2019s capital Monday evening in a suspected terrorist attack by multiple gunmen.<\/p>\n<p>Interior Minister Karl Nehammer told broadcaster that one of the gunmen was shot and killed by the police and a major anti-terror operation was continuing to arrest the others.<\/p>\n<p>\u201cI would like to call on all our citizens to stay inside, stay at their premises and keep away from public places. An operation against suspected terrorists is still ongoing,\u201d he said.<\/p>\n<p>Several gunmen armed with rifles targeted people in six locations in Vienna\u2019s city center around 8 p.m. local time (1900 GMT), according to the police.<\/p>\n<p>One passerby among 6 others was shot dead and 15 people were wounded, according to Vienna Mayor Michael Ludwig.<\/p>\n<p>Seven of the wounded are in critical condition, including a police officer.<\/p>\n<p>Austrian Chancellor Sebastian Kurz announced on Twitter that military units were being deployed in Vienna to support police anti-terror operations.<\/p>\n<blockquote class=\"twitter-tweet\" data-width=\"550\" data-dnt=\"true\">\n<p lang=\"de\" dir=\"ltr\">Wir erleben gerade schwere Stunden in unserer Republik. Ich m\u00f6chte allen Einsatzkr\u00e4ften danken, die insbesondere heute f\u00fcr unsere Sicherheit ihr Leben riskieren. Unsere Polizei wird entschlossen gegen die T\u00e4ter dieses widerw\u00e4rtigen Terroranschlags vorgehen.<\/p>\n<p>&mdash; Sebastian Kurz (@sebastiankurz) <a href=\"https:\/\/twitter.com\/sebastiankurz\/status\/1323388437634965504?ref_src=twsrc%5Etfw\">November 2, 2020<\/a><\/p><\/blockquote>\n<p><script async src=\"https:\/\/platform.twitter.com\/widgets.js\" charset=\"utf-8\"><\/script><\/p>\n","protected":false},"excerpt":{"rendered":"<p>BERLIN\u00a0 At least 4 confirm dead and 15 others wounded in Austria\u2019s capital Monday evening in a suspected terrorist attack by multiple gunmen. Interior Minister Karl Nehammer told broadcaster that one of the gunmen was shot and killed by the police and a major anti-terror operation was continuing to arrest the others. \u201cI would like [&hellip;]<\/p>\n","protected":false},"author":5,"featured_media":17548,"comment_status":"open","ping_status":"open","sticky":false,"template":"","format":"standard","meta":{"footnotes":""},"categories":[1366,31],"tags":[],"class_list":["post-17546","post","type-post","status-publish","format-standard","has-post-thumbnail","hentry","category-europe","category-news"],"_links":{"self":[{"href":"https:\/\/www.vosa.tv\/eng\/wp-json\/wp\/v2\/posts\/17546","targetHints":{"allow":["GET"]}}],"collection":[{"href":"https:\/\/www.vosa.tv\/eng\/wp-json\/wp\/v2\/posts"}],"about":[{"href":"https:\/\/www.vosa.tv\/eng\/wp-json\/wp\/v2\/types\/post"}],"author":[{"embeddable":true,"href":"https:\/\/www.vosa.tv\/eng\/wp-json\/wp\/v2\/users\/5"}],"replies":[{"embeddable":true,"href":"https:\/\/www.vosa.tv\/eng\/wp-json\/wp\/v2\/comments?post=17546"}],"version-history":[{"count":5,"href":"https:\/\/www.vosa.tv\/eng\/wp-json\/wp\/v2\/posts\/17546\/revisions"}],"predecessor-version":[{"id":17554,"href":"https:\/\/www.vosa.tv\/eng\/wp-json\/wp\/v2\/posts\/17546\/revisions\/17554"}],"wp:featuredmedia":[{"embeddable":true,"href":"https:\/\/www.vosa.tv\/eng\/wp-json\/wp\/v2\/media\/17548"}],"wp:attachment":[{"href":"https:\/\/www.vosa.tv\/eng\/wp-json\/wp\/v2\/media?parent=17546"}],"wp:term":[{"taxonomy":"category","embeddable":true,"href":"https:\/\/www.vosa.tv\/eng\/wp-json\/wp\/v2\/categories?post=17546"},{"taxonomy":"post_tag","embeddable":true,"href":"https:\/\/www.vosa.tv\/eng\/wp-json\/wp\/v2\/tags?post=17546"}],"curies":[{"name":"wp","href":"https:\/\/api.w.org\/{rel}","templated":true}]}}